{"id":5411,"date":"2021-12-07T17:41:02","date_gmt":"2021-12-07T17:41:02","guid":{"rendered":"https:\/\/portaileduc.net\/website\/?p=5411"},"modified":"2021-12-07T17:41:02","modified_gmt":"2021-12-07T17:41:02","slug":"guide-dactivites-technocreatives-pour-les-enfants-du-21e-siecle","status":"publish","type":"post","link":"https:\/\/portaileduc.net\/website\/guide-dactivites-technocreatives-pour-les-enfants-du-21e-siecle\/","title":{"rendered":"Guide d\u2019activit\u00e9s technocr\u00e9atives pour les enfants du 21e si\u00e8cle"},"content":{"rendered":"<p><img data-recalc-dims=\"1\" loading=\"lazy\" decoding=\"async\" class=\"size-full wp-image-5414 alignright\" src=\"https:\/\/i0.wp.com\/portaileduc.net\/website\/wp-content\/uploads\/2021\/12\/guide-300x196-1.png?resize=300%2C196&#038;ssl=1\" alt=\"\" width=\"300\" height=\"196\" srcset=\"https:\/\/i0.wp.com\/portaileduc.net\/website\/wp-content\/uploads\/2021\/12\/guide-300x196-1.png?w=300&amp;ssl=1 300w, https:\/\/i0.wp.com\/portaileduc.net\/website\/wp-content\/uploads\/2021\/12\/guide-300x196-1.png?resize=50%2C33&amp;ssl=1 50w\" sizes=\"auto, (max-width: 300px) 100vw, 300px\" \/>A la recherche d&rsquo;id\u00e9es pour int\u00e9grer diff\u00e9rents usages cr\u00e9atifs des technologies pour l\u2019apprentissage dans plusieurs domaines, en plus de pistes d\u2019\u00e9valuation concr\u00e8tes pour les comp\u00e9tences du 21e si\u00e8cle. D\u00e9couvrez donc le \u00ab Guide d\u2019activit\u00e9s technocr\u00e9atives pour enfants du 21e si\u00e8cle \u00bb avec ses 15 activit\u00e9s.<\/p>\n<p class=\"text-align-justify\">Le guide\u00a0\u00a0a \u00e9t\u00e9 r\u00e9alis\u00e9 dans le cadre du projet de recherche #CoCreaTIC :\u00a0\u201c\u00c9tude du d\u00e9veloppement de la comp\u00e9tence professionnelle d\u2019int\u00e9gration des TIC de futurs\u00a0enseignants par le biais de la programmation de robots et de jeux \u00e9ducatifs : recherche-action\u201d.\u00a0Le projet est financ\u00e9 entre \u00a0juin 2015 et juin 2018 par le Fonds de recherche du Qu\u00e9bec Soci\u00e9t\u00e9 et\u00a0Culture (FRQSC) dans le cadre du programme d\u2019\u00e9tablissement des nouveaux professeurs-chercheurs.<\/p>\n<p class=\"text-align-justify\">Le guide pr\u00e9sente\u00a015 activit\u00e9s int\u00e9grant diff\u00e9rents usages cr\u00e9atifs des technologies pour l\u2019apprentissage :<\/p>\n<ul>\n<li class=\"text-align-justify\">\u00a02 activit\u00e9s d\u00e9branch\u00e9es d\u2019introduction \u00e0 la pens\u00e9e informatique<\/li>\n<li class=\"text-align-justify\">\u00a03 activit\u00e9s de robotique p\u00e9dagogique<\/li>\n<li class=\"text-align-justify\">\u00a04 activit\u00e9s d\u2019introduction \u00e0 la programmation cr\u00e9ative<\/li>\n<li class=\"text-align-justify\">\u00a01 activit\u00e9 de cr\u00e9ation d\u2019une bande dessin\u00e9e num\u00e9rique<\/li>\n<li class=\"text-align-justify\">\u00a03 activit\u00e9s de cr\u00e9ation et d\u2019arts \u00e9lectronique et informatique<\/li>\n<li class=\"text-align-justify\">\u00a02 activit\u00e9s de cr\u00e9ation en 3D.<\/li>\n<\/ul>\n<p class=\"text-align-justify\">Les activit\u00e9s permettent de d\u00e9velopper des apprentissages dans diff\u00e9rents domaines :<\/p>\n<ul>\n<li class=\"text-align-justify\">\u00a0Langues (sch\u00e9ma narratif, cr\u00e9ation litt\u00e9raire, \u2026)<\/li>\n<li class=\"text-align-justify\">\u00a0Math\u00e9matiques, sciences et technologies (mesure, rep\u00e8re dans l\u2019espace, calcul, d\u00e9marche scientifique, r\u00e9solution de probl\u00e8mes,\u2026)<\/li>\n<li class=\"text-align-justify\">Univers social<\/li>\n<li class=\"text-align-justify\">Arts et d\u00e9veloppement personnel<\/li>\n<\/ul>\n<p class=\"text-align-justify\"><a href=\"https:\/\/lel.crires.ulaval.ca\/sites\/lel\/files\/guidev1._guide_dactivites_technocreatives-romero-vallerand-2016.pdf\">https:\/\/lel.crires.ulaval.ca\/sites\/lel\/files\/guidev1._guide_dactivites_technocreatives-romero-vallerand-2016.pd<\/a>f<\/p>\n<p>&nbsp;<\/p>\n<p>[pdfjs-viewer url=\u00a0\u00bbhttps:\/\/portaileduc.net\/website\/wp-content\/uploads\/2021\/12\/guidev1._guide_dactivites_technocreatives-romero-vallerand-2016.pdf\u00a0\u00bb attachment_id=\u00a0\u00bb5412&Prime; viewer_width=100% viewer_height=800px fullscreen=true download=true print=true]<\/p>\n","protected":false},"excerpt":{"rendered":"<p>A la recherche d&rsquo;id\u00e9es pour int\u00e9grer diff\u00e9rents usages cr\u00e9atifs des technologies pour l\u2019apprentissage dans plusieurs domaines, en plus de pistes d\u2019\u00e9valuation concr\u00e8tes pour les comp\u00e9tences du 21e si\u00e8cle. D\u00e9couvrez donc le \u00ab Guide d\u2019activit\u00e9s technocr\u00e9atives pour enfants du 21e si\u00e8cle \u00bb avec ses 15 activit\u00e9s. Le guide\u00a0\u00a0a \u00e9t\u00e9 r\u00e9alis\u00e9 dans le cadre du projet de [&hellip;]<\/p>\n","protected":false},"author":2,"featured_media":5414,"comment_status":"closed","ping_status":"open","sticky":false,"template":"","format":"standard","meta":{"jetpack_post_was_ever_published":false,"footnotes":"","jetpack_publicize_message":"","jetpack_publicize_feature_enabled":true,"jetpack_social_post_already_shared":true,"jetpack_social_options":{"image_generator_settings":{"template":"highway","default_image_id":0,"font":"","enabled":false},"version":2}},"categories":[233,1,39],"tags":[],"class_list":{"0":"post-5411","1":"post","2":"type-post","3":"status-publish","4":"format-standard","5":"has-post-thumbnail","7":"category-competences-numeriques","8":"category-tic-numerique","9":"category-psychologie-pedagogie-didactique","10":"czr-hentry"},"jetpack_publicize_connections":[],"jetpack_featured_media_url":"https:\/\/i0.wp.com\/portaileduc.net\/website\/wp-content\/uploads\/2021\/12\/guide-300x196-1.png?fit=300%2C196&ssl=1","jetpack_sharing_enabled":true,"jetpack_shortlink":"https:\/\/wp.me\/p6aRPV-1ph","jetpack-related-posts":[{"id":6277,"url":"https:\/\/portaileduc.net\/website\/le-bouton-creer-de-copilot-un-allie-pour-des-infographies\/","url_meta":{"origin":5411,"position":0},"title":"Le bouton \u00ab\u00a0Cr\u00e9er\u00a0\u00bb de Copilot : un alli\u00e9 pour des infographies","author":"Maxime Duquesnoy","date":"8 ao\u00fbt 2025","format":false,"excerpt":"\u00a0 Dans le paysage num\u00e9rique \u00e9ducatif, les outils qui permettent de gagner du temps tout en enrichissant les pratiques p\u00e9dagogiques sont particuli\u00e8rement pr\u00e9cieux. C\u2019est exactement ce que propose Copilot Create, une fonctionnalit\u00e9 int\u00e9gr\u00e9e \u00e0 Microsoft Copilot, qui permet de cr\u00e9er des infographies claires et structur\u00e9es \u00e0 partir d\u2019une simple consigne\u2026","rel":"","context":"Dans &quot;Outils TICE&quot;","block_context":{"text":"Outils TICE","link":"https:\/\/portaileduc.net\/website\/category\/outils-pedagogiques\/astuces-tic\/"},"img":{"alt_text":"","src":"https:\/\/i0.wp.com\/portaileduc.net\/website\/wp-content\/uploads\/2025\/08\/copilot-nouveau-design-1280x640-1.png?fit=1200%2C600&ssl=1&resize=350%2C200","width":350,"height":200,"srcset":"https:\/\/i0.wp.com\/portaileduc.net\/website\/wp-content\/uploads\/2025\/08\/copilot-nouveau-design-1280x640-1.png?fit=1200%2C600&ssl=1&resize=350%2C200 1x, https:\/\/i0.wp.com\/portaileduc.net\/website\/wp-content\/uploads\/2025\/08\/copilot-nouveau-design-1280x640-1.png?fit=1200%2C600&ssl=1&resize=525%2C300 1.5x, https:\/\/i0.wp.com\/portaileduc.net\/website\/wp-content\/uploads\/2025\/08\/copilot-nouveau-design-1280x640-1.png?fit=1200%2C600&ssl=1&resize=700%2C400 2x, https:\/\/i0.wp.com\/portaileduc.net\/website\/wp-content\/uploads\/2025\/08\/copilot-nouveau-design-1280x640-1.png?fit=1200%2C600&ssl=1&resize=1050%2C600 3x"},"classes":[]},{"id":3182,"url":"https:\/\/portaileduc.net\/website\/sway\/","url_meta":{"origin":5411,"position":1},"title":"SWAY","author":"Maxime Duquesnoy","date":"16 avril 2020","format":false,"excerpt":"Sway est une application incluse dans la suite Microsoft Office qui vous permet de cr\u00e9er et de partager facilement des rapports interactifs, des r\u00e9cits personnels, des pr\u00e9sentations, etc. Commencez par ajouter vos propres textes et images, recherchez et importez du contenu pertinent d\u2019autres sources et regardez Sway faites le reste.\u2026","rel":"","context":"Dans &quot;Outils TICE&quot;","block_context":{"text":"Outils TICE","link":"https:\/\/portaileduc.net\/website\/category\/outils-pedagogiques\/astuces-tic\/"},"img":{"alt_text":"","src":"https:\/\/i0.wp.com\/portaileduc.net\/website\/wp-content\/uploads\/2020\/04\/Sway_logo.png?fit=1200%2C674&ssl=1&resize=350%2C200","width":350,"height":200,"srcset":"https:\/\/i0.wp.com\/portaileduc.net\/website\/wp-content\/uploads\/2020\/04\/Sway_logo.png?fit=1200%2C674&ssl=1&resize=350%2C200 1x, https:\/\/i0.wp.com\/portaileduc.net\/website\/wp-content\/uploads\/2020\/04\/Sway_logo.png?fit=1200%2C674&ssl=1&resize=525%2C300 1.5x, https:\/\/i0.wp.com\/portaileduc.net\/website\/wp-content\/uploads\/2020\/04\/Sway_logo.png?fit=1200%2C674&ssl=1&resize=700%2C400 2x, https:\/\/i0.wp.com\/portaileduc.net\/website\/wp-content\/uploads\/2020\/04\/Sway_logo.png?fit=1200%2C674&ssl=1&resize=1050%2C600 3x"},"classes":[]},{"id":6274,"url":"https:\/\/portaileduc.net\/website\/brisk-sintegre-a-microsoft-un-levier-technologique-pour-enrichir-les-pratiques-pedagogiques\/","url_meta":{"origin":5411,"position":2},"title":"Brisk s\u2019int\u00e8gre \u00e0 Microsoft : un levier technologique pour enrichir les pratiques p\u00e9dagogiques","author":"Maxime Duquesnoy","date":"8 ao\u00fbt 2025","format":false,"excerpt":"L\u2019intelligence artificielle s\u2019impose progressivement comme un outil incontournable dans le domaine de l\u2019\u00e9ducation. C\u2019est dans cette dynamique que Brisk, assistant p\u00e9dagogique bas\u00e9 sur l\u2019IA, propose d\u00e9sormais une int\u00e9gration compl\u00e8te avec les plateformes Microsoft telles que Word, PowerPoint, OneDrive et Edge, offrant ainsi de nouvelles possibilit\u00e9s aux enseignants. Qu\u2019est-ce que Brisk\u202f?\u2026","rel":"","context":"Dans &quot;IA &amp; Education&quot;","block_context":{"text":"IA &amp; Education","link":"https:\/\/portaileduc.net\/website\/category\/numerique-education\/ia-education\/"},"img":{"alt_text":"","src":"https:\/\/i0.wp.com\/portaileduc.net\/website\/wp-content\/uploads\/2025\/08\/EQk6U3Zmu768JuYHRtEAvY.jpg?fit=1200%2C675&ssl=1&resize=350%2C200","width":350,"height":200,"srcset":"https:\/\/i0.wp.com\/portaileduc.net\/website\/wp-content\/uploads\/2025\/08\/EQk6U3Zmu768JuYHRtEAvY.jpg?fit=1200%2C675&ssl=1&resize=350%2C200 1x, https:\/\/i0.wp.com\/portaileduc.net\/website\/wp-content\/uploads\/2025\/08\/EQk6U3Zmu768JuYHRtEAvY.jpg?fit=1200%2C675&ssl=1&resize=525%2C300 1.5x, https:\/\/i0.wp.com\/portaileduc.net\/website\/wp-content\/uploads\/2025\/08\/EQk6U3Zmu768JuYHRtEAvY.jpg?fit=1200%2C675&ssl=1&resize=700%2C400 2x, https:\/\/i0.wp.com\/portaileduc.net\/website\/wp-content\/uploads\/2025\/08\/EQk6U3Zmu768JuYHRtEAvY.jpg?fit=1200%2C675&ssl=1&resize=1050%2C600 3x"},"classes":[]},{"id":6291,"url":"https:\/\/portaileduc.net\/website\/utiliser-googleai-studio-pour-creer-des-dialogues-audios\/","url_meta":{"origin":5411,"position":3},"title":"Utiliser GoogleAI studio pour cr\u00e9er des dialogues audios","author":"Maxime Duquesnoy","date":"19 septembre 2025","format":false,"excerpt":"Antonin Bareau nous propose de d\u00e9couvrir comment cr\u00e9er facilement des dialogues audios avec Google AI Studio Vous cherchez un moyen simple et efficace de g\u00e9n\u00e9rer des dialogues audios pour vos cours, vos projets ou vos activit\u00e9s cr\u00e9atives ? Google AI Studio propose un outil de synth\u00e8se vocale qui permet de\u2026","rel":"","context":"Dans &quot;IA &amp; Education&quot;","block_context":{"text":"IA &amp; Education","link":"https:\/\/portaileduc.net\/website\/category\/numerique-education\/ia-education\/"},"img":{"alt_text":"","src":"https:\/\/i0.wp.com\/portaileduc.net\/website\/wp-content\/uploads\/2025\/09\/Copie-de-Publication-Facebook-evenement-estivale-Soiree-plage-illustration-moderne-bleu-orange-colore.jpg?fit=1200%2C788&ssl=1&resize=350%2C200","width":350,"height":200,"srcset":"https:\/\/i0.wp.com\/portaileduc.net\/website\/wp-content\/uploads\/2025\/09\/Copie-de-Publication-Facebook-evenement-estivale-Soiree-plage-illustration-moderne-bleu-orange-colore.jpg?fit=1200%2C788&ssl=1&resize=350%2C200 1x, https:\/\/i0.wp.com\/portaileduc.net\/website\/wp-content\/uploads\/2025\/09\/Copie-de-Publication-Facebook-evenement-estivale-Soiree-plage-illustration-moderne-bleu-orange-colore.jpg?fit=1200%2C788&ssl=1&resize=525%2C300 1.5x, https:\/\/i0.wp.com\/portaileduc.net\/website\/wp-content\/uploads\/2025\/09\/Copie-de-Publication-Facebook-evenement-estivale-Soiree-plage-illustration-moderne-bleu-orange-colore.jpg?fit=1200%2C788&ssl=1&resize=700%2C400 2x, https:\/\/i0.wp.com\/portaileduc.net\/website\/wp-content\/uploads\/2025\/09\/Copie-de-Publication-Facebook-evenement-estivale-Soiree-plage-illustration-moderne-bleu-orange-colore.jpg?fit=1200%2C788&ssl=1&resize=1050%2C600 3x"},"classes":[]}],"jetpack_likes_enabled":true,"_links":{"self":[{"href":"https:\/\/portaileduc.net\/website\/wp-json\/wp\/v2\/posts\/5411","targetHints":{"allow":["GET"]}}],"collection":[{"href":"https:\/\/portaileduc.net\/website\/wp-json\/wp\/v2\/posts"}],"about":[{"href":"https:\/\/portaileduc.net\/website\/wp-json\/wp\/v2\/types\/post"}],"author":[{"embeddable":true,"href":"https:\/\/portaileduc.net\/website\/wp-json\/wp\/v2\/users\/2"}],"replies":[{"embeddable":true,"href":"https:\/\/portaileduc.net\/website\/wp-json\/wp\/v2\/comments?post=5411"}],"version-history":[{"count":1,"href":"https:\/\/portaileduc.net\/website\/wp-json\/wp\/v2\/posts\/5411\/revisions"}],"predecessor-version":[{"id":5415,"href":"https:\/\/portaileduc.net\/website\/wp-json\/wp\/v2\/posts\/5411\/revisions\/5415"}],"wp:featuredmedia":[{"embeddable":true,"href":"https:\/\/portaileduc.net\/website\/wp-json\/wp\/v2\/media\/5414"}],"wp:attachment":[{"href":"https:\/\/portaileduc.net\/website\/wp-json\/wp\/v2\/media?parent=5411"}],"wp:term":[{"taxonomy":"category","embeddable":true,"href":"https:\/\/portaileduc.net\/website\/wp-json\/wp\/v2\/categories?post=5411"},{"taxonomy":"post_tag","embeddable":true,"href":"https:\/\/portaileduc.net\/website\/wp-json\/wp\/v2\/tags?post=5411"}],"curies":[{"name":"wp","href":"https:\/\/api.w.org\/{rel}","templated":true}]}}